[{"id":480570,"designation":"Fs Krecher 336-337 03","museum_no":"Ist \u0160 1001","thickness":"29.0","height":"92.0","width":"55.0","is_period_uncertain":true,"created_by":820,"publications":[{"id":276941043,"entity_id":480570,"publication_id":216502,"exact_reference":"336-337 03","publication_type":"primary","table_name":"artifacts","publication":{"id":216502,"designation":"Fs Krecher (pp. 327-382)","bibtexkey":"Krebernik2014FsKrecher","year":"2014","entry_type_id":1,"book_title":"Studies in Sumerian Language and Literature: Festschrift fu\u0308r Joachim Krecher","pages":"327-382","title":"Pra-Fara-zeitliche Texte aus Fara","entry_type":{"id":1,"label":"article"},"editors":[{"id":1051,"publication_id":216502,"editor_id":54,"editor":{"id":54,"author":"Koslova, Natalya V.","last":"Koslova","first":"Natalya V."}},{"id":1052,"publication_id":216502,"editor_id":112,"sequence":1,"editor":{"id":112,"author":"Z\u00f3lyomi, G\u00e1bor","last":"Z\u00f3lyomi","first":" G\u00e1bor"}}],"authors":[{"id":1253707,"publication_id":216502,"author_id":384,"author":{"id":384,"author":"Y\u0131ld\u0131z, Fatma","last":"Y\u0131ld\u0131z","first":"Fatma"}},{"id":1253708,"publication_id":216502,"author_id":289,"sequence":1,"author":{"id":289,"author":"Steible, Horst","last":"Steible","first":" Horst"}},{"id":1253709,"publication_id":216502,"author_id":725,"sequence":2,"author":{"id":725,"author":"Krebernik, Manfred","last":"Krebernik","first":"Manfred","birth_year":1953}}]}}],"material_colors":[],"material_aspects":[],"materials":[{"id":697755,"artifact_id":480570,"material_id":1,"material":{"id":1,"material":"clay"}}],"languages":[{"id":237327,"artifact_id":480570,"language_id":5,"language":{"id":5,"sequence":3,"language":"Sumerian","protocol_code":"sux-x-emegir","inline_code":"sux"}}],"genres":[{"id":252361,"artifact_id":480570,"genre_id":1,"comments":" ","genre":{"id":1,"genre":"Administrative"}}],"external_resources":[],"dates":[],"collections":[{"id":327899,"artifact_id":480570,"collection_id":326,"collection":{"id":326,"collection":"Arkeoloji M\u00fczeleri, Istanbul, Turkey","collection_url":"https:\/\/muze.gov.tr\/muze-detay?SectionId=IAR01\u0026DistId=IAR","collection_actor":"Agency","collection_holding":"Museum","collection_actor_status":"Public","collection_holding_status":"Extant","country_iso":"TUR","region_gadm":"TUR.40_1","district_gadm":"TUR.40.20_1","location_longitude_wgs1984":28.9816,"location_latitude_wgs1984":41.0111,"glow_id":20}}],"artifact_type":{"id":4,"artifact_type":"tablet","parent_id":27},"period":{"id":6,"sequence":7,"period":"ED I-II (ca. 2900-2700 BC)","name":"ED I-II","time_range":"ca. 2900-2700 BC"},"provenience":{"id":54,"provenience":"Shuruppak (mod. Fara)","location_id":481,"place_id":127,"region_id":8},"witnesses":[],"impressions":[],"composites":[],"seals":[],"retired_artifacts":[],"inscription":{"id":2293489,"artifact_id":480570,"atf":"\u0026P480570 = Fs Krecher 336-337 03 \n#atf: lang sux \n@tablet \n# \u00221(u@c)\u0022 sign is here used as a Personenkeil\n@obverse \n@column 1\u0027\n$ beginning broken\n1\u0027. [...] x \n2\u0027. [n {d}]sud3#?-[{an}anzu(IM)]{muszen#?}  \n3\u0027. [x] a#?-amax(ENGUR)-si#? \n@column 2\u0027\n$ beginning broken\n1\u0027. [...] x \n2\u0027. [n] e2-{an}anzux(IM)\n3\u0027. 1(u@c) me-ki-gal2 \n4\u0027. 1(u@c) nanna#-du10 \n5\u0027. 1(u@c) ur-{d}nisaba \n6\u0027. 1(u@c) pa4#?-NE x x \n@column 3\u0027\n$ beginning broken\n1\u0027. 1(u@c)# [...] \n2\u0027. 1(u@c)# [...] \n3\u0027. 1(u@c) x x? \n4\u0027. 1(u@c) amar#-amax(ENGUR)-na \n5\u0027. 3(asz@c)#? munus-a2-nu-kusz2 \n6\u0027. 2(asz@c)#? lu5#-lu5#  \n7\u0027. 2(asz@c)#? x [...] \n@column 4\u0027 \n$ beginning broken \n1\u0027. [...] x \n2\u0027. 1(u@c) AK-sud3 \n3\u0027. 1(u@c) nig2-si ugula \n$ (traces of erased signs) \n@reverse \n$ blank space \n@column 1 \n1. [...] URU2 \n2. [...] x \n3. [x] amar#-[x]-NE#\n$ rest broken \n\n","is_atf2conll_diff_resolved":true,"is_latest":true}}]